{"id":13015,"date":"2024-09-19T14:20:06","date_gmt":"2024-09-19T12:20:06","guid":{"rendered":"https:\/\/effecty.nl\/?p=13015"},"modified":"2024-09-19T14:20:07","modified_gmt":"2024-09-19T12:20:07","slug":"allgemeine-datenschutzverordnung","status":"publish","type":"post","link":"https:\/\/effecty.nl\/de\/allgemeine-datenschutzverordnung\/","title":{"rendered":"Allgemeine Datenschutzverordnung"},"content":{"rendered":"\n<h1 class=\"wp-block-heading\">Allgemeine Datenschutzverordnung<\/h1>\n\n\n\n<p>Wir sind nat\u00fcrlich keine Juristen, aber das hat einen gro\u00dfen Einfluss auf unseren Beruf. Wenn Sie eine rechtssichere Antwort w\u00fcnschen, empfehlen wir Ihnen, die Frage an einen Anwalt zu richten. Wenn Sie Fragen zu den Auswirkungen auf das Marketing haben, wenden Sie sich bitte an uns.<\/p>\n\n\n\n<p>Ab dem 25. Mai 2018 wird die Allgemeine Datenschutzverordnung (AVG) gelten. Dabei handelt es sich um ein neues Gesetz zum Schutz der personenbezogenen Daten aller Menschen in der Europ\u00e4ischen Union. Die AVG befasst sich mit der Verarbeitung, Erhebung, Speicherung und Nutzung von personenbezogenen Daten.<\/p>\n\n\n\n<h2 class=\"wp-block-heading\">Was bedeutet die AVG f\u00fcr mich?<\/h2>\n\n\n\n<p>F\u00fcr Sie als Unternehmen bedeutet das AVG, dass Sie transparenter und sorgf\u00e4ltiger mit personenbezogenen Daten umgehen m\u00fcssen und dass Sie mehr Pflichten haben. Schlie\u00dflich sind Sie selbst daf\u00fcr verantwortlich, dass Sie nachweisen k\u00f6nnen, dass Sie dieses Gesetz einhalten. Dazu geh\u00f6rt eine entsprechende Vorbereitung, die wir in einer Checkliste zusammengestellt haben.<\/p>\n\n\n\n<p>Doch zun\u00e4chst einige Begriffe. Denn was genau ist mit personenbezogenen Daten und deren Verarbeitung gemeint?<\/p>\n\n\n\n<ul class=\"wp-block-list\">\n<li><strong>Personenbezogene Daten<\/strong> sind alle Daten \u00fcber eine Person, die in irgendeiner Weise auf diese Person zur\u00fcckgef\u00fchrt werden k\u00f6nnen.<\/li>\n\n\n\n<li><strong>Besondere personenbezogene Daten<\/strong> sind Daten \u00fcber eine Person, die sich unter anderem auf deren Gesundheit, Ethnie, politische Meinung oder religi\u00f6se \u00dcberzeugung beziehen.<\/li>\n\n\n\n<li><strong>Verarbeitung personenbezogener Daten:<\/strong> Die Verarbeitung personenbezogener Daten umfasst das Sammeln, Erfassen, Organisieren, Strukturieren, Speichern, Aktualisieren oder \u00c4ndern, Abrufen, Abfragen, Verwenden, \u00dcbermitteln, Verbreiten, Sperren, L\u00f6schen oder Vernichten personenbezogener Daten.<\/li>\n<\/ul>\n\n\n\n<h2 class=\"wp-block-heading\">Was hat es mit dem AVG auf sich?<\/h2>\n\n\n\n<p>Worum geht es also bei AVG? Es gibt ein paar Schl\u00fcsselbegriffe, die das deutlich machen:<\/p>\n\n\n\n<p><strong>Einwilligung<\/strong><br>Sie m\u00fcssen f\u00fcr jede Verarbeitung personenbezogener Daten eine Einwilligung einholen und d\u00fcrfen daher z. B. keine automatischen Ankreuzfelder mehr verwenden. Eine betroffene Person muss ausdr\u00fccklich zustimmen, wenn sie einen Newsletter erhalten oder personenbezogene Daten an Dritte weitergeben m\u00f6chte. Ein vorgefertigtes K\u00e4stchen wie im folgenden Beispiel ist daher nicht mehr zul\u00e4ssig.<\/p>\n\n\n\n<p><strong>Transparenz<\/strong><br>Mit dem Inkrafttreten des AVG hat die betroffene Person das Recht auf Auskunft, Berichtigung, L\u00f6schung und Daten\u00fcbertragbarkeit.<\/p>\n\n\n\n<ul class=\"wp-block-list\">\n<li>Einsichtnahme: Personen sollten die M\u00f6glichkeit haben, zu erfragen, welche Daten Sie \u00fcber diese Person haben.<\/li>\n\n\n\n<li>Berichtigung: Personen haben das Recht, die Berichtigung ihrer personenbezogenen Daten zu verlangen. Dazu geh\u00f6ren Berichtigung, Erg\u00e4nzung, L\u00f6schung oder Sperrung.<\/li>\n\n\n\n<li>Vergessenwerden: Personen haben das Recht auf Vergessenwerden; in diesem Fall muss eine Organisation die personenbezogenen Daten einer Person l\u00f6schen.<\/li>\n\n\n\n<li>Daten\u00fcbertragbarkeit: Personen haben das Recht auf \u00dcbertragbarkeit ihrer personenbezogenen Daten. Das bedeutet, dass sie das Recht haben, die personenbezogenen Daten zu erhalten, die eine Organisation \u00fcber sie gespeichert hat.<\/li>\n<\/ul>\n\n\n\n<p><strong>Schwerpunkt<\/strong><br>Es ist wichtig, dass Sie nur Daten sammeln, die f\u00fcr Ihr Unternehmen wirklich relevant sind, die Sie wirklich brauchen, um ein bestimmtes Ziel zu erreichen.<\/p>\n\n\n\n<p>Wenn zum Beispiel ein Bekleidungsgesch\u00e4ft nach Ihrem Geburtsdatum fragt, obwohl Sie nur ein Paket zugestellt haben m\u00f6chten, ist das nicht sinnvoll. Mit der Einf\u00fchrung des AVG darf das Geburtsdatum in diesem Fall also nicht mehr zwingend erforderlich sein.<\/p>\n\n\n\n<p><strong>Sicherheit<\/strong><br>Sie m\u00fcssen die in Ihrem Besitz befindlichen Daten mit geeigneten Sicherheitsmethoden sch\u00fctzen. Dies gilt auch f\u00fcr Unterauftragsverarbeiter (Unterlieferanten). Wenn es zu einer Datenschutzverletzung kommt, m\u00fcssen Sie diese so schnell wie m\u00f6glich melden. Weitere Informationen hierzu finden Sie in der nachstehenden Checkliste.<\/p>\n\n\n\n<h2 class=\"wp-block-heading\">AVG Checklist<\/h2>\n\n\n\n<p>Im Folgenden finden Sie eine Checkliste mit Schritten, die Sie zur Vorbereitung auf die AVG durchf\u00fchren k\u00f6nnen:<\/p>\n\n\n\n<ul class=\"wp-block-list\">\n<li><strong>Sensibilisierung<\/strong><br>Stellen Sie zun\u00e4chst sicher, dass die Mitarbeiter Ihrer Organisation \u00fcber die neuen Datenschutzvorschriften informiert sind. Denn wenn Sie die Vorschriften nicht einhalten, kann die betroffene Person eine Beschwerde bei der Datenschutzbeh\u00f6rde einreichen, die dann verpflichtet ist, diese Beschwerde zu bearbeiten. Die Datenschutzbeh\u00f6rde kann dann Sanktionen verh\u00e4ngen.<\/li>\n\n\n\n<li><strong>Nullmessung: Welche personenbezogenen Daten verarbeiten Sie?<\/strong><br>Personenbezogene Daten sind Daten wie Name, Adresse, Telefonnummer usw., aber auch Daten wie eine Kunden-ID. V\u00f6llig anonyme Daten, die nicht auf eine Person zur\u00fcckgef\u00fchrt werden k\u00f6nnen, fallen nicht unter das AVG. Daher ist es wichtig, dass Sie darlegen, welche Daten Sie verarbeiten, wie Sie sie verarbeiten, warum Sie sie verarbeiten (zu welchem Zweck), wie lange Sie sie aufbewahren und mit wem Sie sie teilen.<\/li>\n\n\n\n<li><strong>Datenschutz-Folgenabsch\u00e4tzung (DPIA)<\/strong>                                                                                            Nach dem AVG k\u00f6nnen Sie verpflichtet sein, eine Datenschutz-Folgenabsch\u00e4tzung (DPIA) durchzuf\u00fchren. Mit diesem Instrument lassen sich die Datenschutzrisiken der Datenverarbeitung im Voraus erkennen. Anschlie\u00dfend k\u00f6nnen Ma\u00dfnahmen ergriffen werden, um diese Risiken zu mindern. Sie sollten eine Datenschutzfolgenabsch\u00e4tzung durchf\u00fchren, wenn Ihre Datenverarbeitung wahrscheinlich ein hohes Datenschutzrisiko darstellt. Pr\u00fcfen Sie, ob Sie zur Durchf\u00fchrung einer Datenschutzfolgenabsch\u00e4tzung verpflichtet sind.<\/li>\n\n\n\n<li><strong>Fragen Sie nur nach notwendigen Daten<\/strong>                                                                                             Diesen Teil m\u00fcssen Sie mit dem Standarddatenschutz abgleichen. Datenschutz durch Voreinstellungen bedeutet, dass Sie technische und organisatorische Ma\u00dfnahmen ergreifen m\u00fcssen, um sicherzustellen, dass standardm\u00e4\u00dfig nur personenbezogene Daten verarbeitet werden, die f\u00fcr einen bestimmten Zweck erforderlich sind.                                                                              Beispiel: Sie d\u00fcrfen Name und Adresse erheben, wenn es um die Zustellung eines Pakets geht. Sie d\u00fcrfen nicht nach einer Telefonnummer fragen, wenn es darum geht, einen digitalen Newsletter zu abonnieren.<\/li>\n<\/ul>\n","protected":false},"excerpt":{"rendered":"<p>Allgemeine Datenschutzverordnung Wir sind nat\u00fcrlich keine Juristen, aber das hat einen gro\u00dfen Einfluss auf unseren Beruf. Wenn Sie eine rechtssichere &hellip;<\/p>\n","protected":false},"author":3,"featured_media":0,"comment_status":"closed","ping_status":"closed","sticky":false,"template":"","format":"standard","meta":{"_acf_changed":false,"footnotes":""},"categories":[9],"tags":[],"class_list":["post-13015","post","type-post","status-publish","format-standard","hentry","category-unkategorisiert"],"acf":[],"_links":{"self":[{"href":"https:\/\/effecty.nl\/de\/wp-json\/wp\/v2\/posts\/13015","targetHints":{"allow":["GET"]}}],"collection":[{"href":"https:\/\/effecty.nl\/de\/wp-json\/wp\/v2\/posts"}],"about":[{"href":"https:\/\/effecty.nl\/de\/wp-json\/wp\/v2\/types\/post"}],"author":[{"embeddable":true,"href":"https:\/\/effecty.nl\/de\/wp-json\/wp\/v2\/users\/3"}],"replies":[{"embeddable":true,"href":"https:\/\/effecty.nl\/de\/wp-json\/wp\/v2\/comments?post=13015"}],"version-history":[{"count":1,"href":"https:\/\/effecty.nl\/de\/wp-json\/wp\/v2\/posts\/13015\/revisions"}],"predecessor-version":[{"id":13026,"href":"https:\/\/effecty.nl\/de\/wp-json\/wp\/v2\/posts\/13015\/revisions\/13026"}],"wp:attachment":[{"href":"https:\/\/effecty.nl\/de\/wp-json\/wp\/v2\/media?parent=13015"}],"wp:term":[{"taxonomy":"category","embeddable":true,"href":"https:\/\/effecty.nl\/de\/wp-json\/wp\/v2\/categories?post=13015"},{"taxonomy":"post_tag","embeddable":true,"href":"https:\/\/effecty.nl\/de\/wp-json\/wp\/v2\/tags?post=13015"}],"curies":[{"name":"wp","href":"https:\/\/api.w.org\/{rel}","templated":true}]}}